{"id":1035,"date":"2019-07-16T09:57:13","date_gmt":"2019-07-16T14:57:13","guid":{"rendered":"https:\/\/isladetierrabomba.com\/n\/?p=1035"},"modified":"2019-07-16T09:57:13","modified_gmt":"2019-07-16T14:57:13","slug":"construyen-modelo-de-diagnostico-de-las-fortificaciones-de-la-bahia-de-cartagena","status":"publish","type":"post","link":"https:\/\/isladetierrabomba.com\/n\/construyen-modelo-de-diagnostico-de-las-fortificaciones-de-la-bahia-de-cartagena\/","title":{"rendered":"Construyen modelo de diagn\u00f3stico de las fortificaciones de la bah\u00eda de Cartagena"},"content":{"rendered":"<p>Expertos en arquitectura, ingenier\u00eda, derecho, antropolog\u00eda, historia y psicolog\u00eda, adem\u00e1s de bi\u00f3logos y especialistas en desarrollo social y en conservaci\u00f3n revisar\u00e1n el modelo de diagn\u00f3stico elaborado en el Plan Especial de Manejo y Protecci\u00f3n (PEMP) del conjunto fortificado de la bah\u00eda de Cartagena de Indias.<\/p>\n<p>El objetivo es definir los lineamientos para una planeaci\u00f3n y gesti\u00f3n que asegure la protecci\u00f3n y conservaci\u00f3n de los Bienes de Inter\u00e9s Cultural (BIC) de la Naci\u00f3n. Son 46 los BIC por los que velar\u00e1 el PEMP de las Fortificaciones de la Bah\u00eda entre los que se encuentran los fuertes de San Sebasti\u00e1n del Pastelillo y de San Juan de Manzanillo, y las ruinas de la Bater\u00eda de Santa Cruz de Castillogrande, en la bah\u00eda interna de Cartagena.<\/p>\n<p>En la lista tambi\u00e9n se incluyen los ubicados en la isla de Tierrabomba (fuertes de San Fernando, de San Jos\u00e9 y la Bater\u00eda del \u00c1ngel San Rafael), as\u00ed como los vestigios de las bater\u00edas de Santiago, de San Felipe, de Santa B\u00e1rbara y Chamba en el corregimiento de Bocachica; el Tejar de los Jesuitas (pozo, horno y aljibe) en el corregimiento de Tierrabomba; y el edificio administrativo del Leprocomio en el corregimiento de Ca\u00f1o del Oro. Adem\u00e1s, los hornos, pozos, albercas, aljibes, restos de viviendas y estructuras arquitect\u00f3nicas, ubicados en el corregimiento de Manzanillo y en las islas de Tierrabomba y Bar\u00fa, que conformaban los centros de producci\u00f3n coloniales en los que se fabricaban la cal, ladrillos y tejas con los que se construyeron las edificaciones militares, civiles y eclesi\u00e1sticas de Cartagena de Indias.<\/p>\n<p>Todos estos bienes son motivo de estudio e investigaci\u00f3n por parte del equipo humano encargado de la formulaci\u00f3n del diagn\u00f3stico del PEMP de las Fortificaciones de la Bah\u00eda, teniendo en cuenta no solo su importancia militar, arquitect\u00f3nica e hist\u00f3rica, sino tambi\u00e9n el efecto cultural, social y medioambiental que han tenido en cada una de las comunidades en las que se encuentra, expres\u00f3 la ministra de Cultura, Carmen In\u00e9s V\u00e1squez Camacho.<\/p>\n<p>Cabe recordar que Cartagena fue incluida en el listado del Patrimonio Hist\u00f3rico y Cultural de la Humanidad de la UNESCO en 1984, por poseer el conjunto de fortificaciones m\u00e1s completo de toda Sudam\u00e9rica.<\/p>\n<p>\u201cCon la estrategia \u2018Memoria Construida\u2019, a la cual vinculamos activamente a la ciudadan\u00eda, y que hace parte del pacto por la cultura y la creatividad consignado en el Plan Nacional de Desarrollo, estamos gestionando procesos que fortalezcan la conservaci\u00f3n, protecci\u00f3n, salvaguardia, divulgaci\u00f3n y sostenibilidad de los centros hist\u00f3ricos o sectores urbanos declarados como bienes de inter\u00e9s cultural de los colombianos\u201d, asegur\u00f3 Carmen V\u00e1squez Camacho.<\/p>\n<p>La fase de diagn\u00f3stico del PEMP del paisaje cultural, natural y fortificado de la bah\u00eda de Cartagena es liderada por el Ministerio de Cultura y la Escuela Taller Cartagena de Indias (Etcar), con el apoyo de la alcald\u00eda de la capital de Bol\u00edvar.<\/p>\n<p>&nbsp;<\/p>\n<p>Tomado de: https:\/\/www.eluniversal.com.co\/cartagena\/construyen-modelo-de-diagnostico-de-las-fortificaciones-de-la-bahia-de-cartagena-IA1435028<\/p>\n","protected":false},"excerpt":{"rendered":"<p>Expertos en arquitectura, ingenier\u00eda, derecho, antropolog\u00eda, historia y psicolog\u00eda, adem\u00e1s de bi\u00f3logos y especialistas en desarrollo social y en conservaci\u00f3n revisar\u00e1n el modelo de diagn\u00f3stico elaborado en el Plan Especial de Manejo y Protecci\u00f3n (PEMP) del conjunto fortificado de la bah\u00eda de Cartagena de Indias. El objetivo es definir los lineamientos para una planeaci\u00f3n y [&hellip;]<\/p>\n","protected":false},"author":1,"featured_media":1036,"comment_status":"closed","ping_status":"open","sticky":false,"template":"","format":"standard","meta":{"_et_pb_use_builder":"","_et_pb_old_content":"","_et_gb_content_width":"","footnotes":""},"categories":[8],"tags":[],"class_list":["post-1035","post","type-post","status-publish","format-standard","has-post-thumbnail","hentry","category-noticias"],"_links":{"self":[{"href":"https:\/\/isladetierrabomba.com\/n\/wp-json\/wp\/v2\/posts\/1035"}],"collection":[{"href":"https:\/\/isladetierrabomba.com\/n\/wp-json\/wp\/v2\/posts"}],"about":[{"href":"https:\/\/isladetierrabomba.com\/n\/wp-json\/wp\/v2\/types\/post"}],"author":[{"embeddable":true,"href":"https:\/\/isladetierrabomba.com\/n\/wp-json\/wp\/v2\/users\/1"}],"replies":[{"embeddable":true,"href":"https:\/\/isladetierrabomba.com\/n\/wp-json\/wp\/v2\/comments?post=1035"}],"version-history":[{"count":1,"href":"https:\/\/isladetierrabomba.com\/n\/wp-json\/wp\/v2\/posts\/1035\/revisions"}],"predecessor-version":[{"id":1037,"href":"https:\/\/isladetierrabomba.com\/n\/wp-json\/wp\/v2\/posts\/1035\/revisions\/1037"}],"wp:featuredmedia":[{"embeddable":true,"href":"https:\/\/isladetierrabomba.com\/n\/wp-json\/wp\/v2\/media\/1036"}],"wp:attachment":[{"href":"https:\/\/isladetierrabomba.com\/n\/wp-json\/wp\/v2\/media?parent=1035"}],"wp:term":[{"taxonomy":"category","embeddable":true,"href":"https:\/\/isladetierrabomba.com\/n\/wp-json\/wp\/v2\/categories?post=1035"},{"taxonomy":"post_tag","embeddable":true,"href":"https:\/\/isladetierrabomba.com\/n\/wp-json\/wp\/v2\/tags?post=1035"}],"curies":[{"name":"wp","href":"https:\/\/api.w.org\/{rel}","templated":true}]}}