{"id":1522,"date":"2015-01-29T03:16:22","date_gmt":"2015-01-29T08:16:22","guid":{"rendered":"https:\/\/isladetierrabomba.com\/n\/?p=1522"},"modified":"2019-08-28T03:22:07","modified_gmt":"2019-08-28T08:22:07","slug":"camacol-se-pronuncia-sobre-uso-de-predio-de-la-base-naval","status":"publish","type":"post","link":"https:\/\/isladetierrabomba.com\/n\/camacol-se-pronuncia-sobre-uso-de-predio-de-la-base-naval\/","title":{"rendered":"Camacol se pronuncia sobre uso de predio de la Base Naval"},"content":{"rendered":"<div id=\"\" class=\"portlet-boundary portlet-static-end content-viewer-portlet last full-access norestricted\">\n<div class=\"template-eu-5 detail w50 m50\">\n<div class=\"left-block\">\n<div class=\"text small resizable\">\n<article>\n<div class=\"paragraph\">\n<p>Despu\u00e9s del pronunciamiento del gobernador de Bol\u00edvar, Juan Carlos Gossa\u00edn, con relaci\u00f3n al posible uso residencial y comercial del predio de la Base Naval, una vez esta se traslade a Tierrabomba, Camacol dijo que apoya la posici\u00f3n del mandatario departamental y plantea propuestas alternativas para aprovechar el terreno con zonas verdes y espacios de recreaci\u00f3n p\u00fablica que cuiden la est\u00e9tica y beneficien el Distrito.<\/p>\n<p>Para el gremio de la construcci\u00f3n en Bol\u00edvar, es evidente que la ciudad requiere de la formulaci\u00f3n y adopci\u00f3n del PEMP (Plan Especial de Manejo y Protecci\u00f3n), por la calidad del Patrimonio Hist\u00f3rico que le otorg\u00f3 la Unesco, pero consideran que el Distrito no puede tomar decisiones a la ligera para resolver un problema de la Armada Nacional y no proteger el patrimonio hist\u00f3rico<\/p>\n<p>\u201cPara nosotros no existe justificaci\u00f3n v\u00e1lida de incluir el predio de la Base Naval dentro del PEMP, cambiando el uso del suelo para permitir la construcci\u00f3n de edificaciones con mayor altura. Si lo que se pretende es conservar y proteger el Centro Hist\u00f3rico, es m\u00e1s conveniente dejar ese predio como est\u00e1 actualmente en el POT, es decir, con uso institucional y con restricci\u00f3n de la altura por tratamiento de conservaci\u00f3n arquitect\u00f3nica\u201d, explic\u00f3 Patricia Galindo Salom, gerente de Camacol Bol\u00edvar.<\/p>\n<p>Si se excluye del PEMP el predio de la Base Naval, no se afectar\u00eda en nada la pretensi\u00f3n de conservaci\u00f3n y protecci\u00f3n de la zona afectada, como es el Centro Hist\u00f3rico.<\/p>\n<p>Camacol considera que el documento borrador del PEMP debe ser conocido y discutido con la sociedad civil porque sobre el que se hab\u00eda elaborado en la administraci\u00f3n de la Alcaldesa Judith Pinedo, se conoce que ha tenido modificaciones.<\/p>\n<p>La propuesta de Camacol sobre los predios de la Base Naval, cuenta con el respaldo del Consejo Gremial de Bol\u00edvar, y en ella se propone que el lote se convierta en una gran zona verde o parque, en contraposici\u00f3n a la pretensi\u00f3n de cambiar el uso del suelo de dicha \u00e1rea a residencial, para poder vender m\u00e1s metros cuadrados de los que hoy se le permitir\u00edan.<br \/>\n\u201cCon esa propuesta pretendemos que gane la ciudad y Colombia, adem\u00e1s expresa el querer y sentir de la comunidad\u201d, coment\u00f3 la Gerente de Camacol Bol\u00edvar.<\/p>\n<p>Carlos Granadillo, alcalde encargado de Cartagena, afirm\u00f3 que la administraci\u00f3n se mantiene en la posici\u00f3n que siempre ha tenido. \u201cSomos conscientes de lo que significa el terreno y no queremos que se convierta en zona residencial, sino que haya zonas verdes y que se cuide la altura de la zona por la arquitectura. Tambi\u00e9n sabemos que la Armada tiene los derechos sobre el predio, no queremos pasar por encima ellos, sino que se pueda llegar a un consenso para el beneficio de la ciudad\u201d, agreg\u00f3 Granadillo.<\/p>\n<p>Fuente: <a href=\"https:\/\/www.eluniversal.com.co\/cartagena\/camacol-se-pronuncia-sobre-uso-de-predio-de-la-base-naval-183347-KBEU281083\">https:\/\/www.eluniversal.com.co\/cartagena\/camacol-se-pronuncia-sobre-uso-de-predio-de-la-base-naval-183347-KBEU281083<\/a><\/p>\n<\/div>\n<\/article>\n<\/div>\n<\/div>\n<div class=\"cl\"><\/div>\n<\/div>\n<\/div>\n<div id=\"\" class=\"portlet-boundary portlet-static-end adcontainer-portlet ad-468x60\">\n<div><\/div>\n<\/div>\n<div id=\"\" class=\"portlet-boundary portlet-static-end content-viewer-portlet last full-access norestricted\">\n<div id=\"gseRai3DtLfeTJ1l\"><\/div>\n<\/div>\n","protected":false},"excerpt":{"rendered":"<p>Despu\u00e9s del pronunciamiento del gobernador de Bol\u00edvar, Juan Carlos Gossa\u00edn, con relaci\u00f3n al posible uso residencial y comercial del predio de la Base Naval, una vez esta se traslade a Tierrabomba, Camacol dijo que apoya la posici\u00f3n del mandatario departamental y plantea propuestas alternativas para aprovechar el terreno con zonas verdes y espacios de recreaci\u00f3n [&hellip;]<\/p>\n","protected":false},"author":1,"featured_media":1523,"comment_status":"closed","ping_status":"open","sticky":false,"template":"","format":"standard","meta":{"_et_pb_use_builder":"","_et_pb_old_content":"","_et_gb_content_width":"","footnotes":""},"categories":[28,8],"tags":[],"class_list":["post-1522","post","type-post","status-publish","format-standard","has-post-thumbnail","hentry","category-armada-nacional","category-noticias"],"_links":{"self":[{"href":"https:\/\/isladetierrabomba.com\/n\/wp-json\/wp\/v2\/posts\/1522"}],"collection":[{"href":"https:\/\/isladetierrabomba.com\/n\/wp-json\/wp\/v2\/posts"}],"about":[{"href":"https:\/\/isladetierrabomba.com\/n\/wp-json\/wp\/v2\/types\/post"}],"author":[{"embeddable":true,"href":"https:\/\/isladetierrabomba.com\/n\/wp-json\/wp\/v2\/users\/1"}],"replies":[{"embeddable":true,"href":"https:\/\/isladetierrabomba.com\/n\/wp-json\/wp\/v2\/comments?post=1522"}],"version-history":[{"count":4,"href":"https:\/\/isladetierrabomba.com\/n\/wp-json\/wp\/v2\/posts\/1522\/revisions"}],"predecessor-version":[{"id":1528,"href":"https:\/\/isladetierrabomba.com\/n\/wp-json\/wp\/v2\/posts\/1522\/revisions\/1528"}],"wp:featuredmedia":[{"embeddable":true,"href":"https:\/\/isladetierrabomba.com\/n\/wp-json\/wp\/v2\/media\/1523"}],"wp:attachment":[{"href":"https:\/\/isladetierrabomba.com\/n\/wp-json\/wp\/v2\/media?parent=1522"}],"wp:term":[{"taxonomy":"category","embeddable":true,"href":"https:\/\/isladetierrabomba.com\/n\/wp-json\/wp\/v2\/categories?post=1522"},{"taxonomy":"post_tag","embeddable":true,"href":"https:\/\/isladetierrabomba.com\/n\/wp-json\/wp\/v2\/tags?post=1522"}],"curies":[{"name":"wp","href":"https:\/\/api.w.org\/{rel}","templated":true}]}}