{"id":350,"date":"2018-06-13T17:40:31","date_gmt":"2018-06-13T22:40:31","guid":{"rendered":"https:\/\/isladetierrabomba.com\/n\/?p=350"},"modified":"2019-08-06T00:32:39","modified_gmt":"2019-08-06T05:32:39","slug":"arranco-en-firme-proyecto-de-base-naval-en-tierrabomba","status":"publish","type":"post","link":"https:\/\/isladetierrabomba.com\/n\/arranco-en-firme-proyecto-de-base-naval-en-tierrabomba\/","title":{"rendered":"Proyecto de traslado de Base Naval de Cartagena se mantiene&#8217;: Mindefensa"},"content":{"rendered":"<p>[et_pb_section fb_built=\u00bb1&#8243; _builder_version=\u00bb3.22.7&#8243; background_image=\u00bbhttps:\/\/isladetierrabomba.com\/n\/wp-content\/uploads\/2019\/05\/service-bg.jpg\u00bb width=\u00bb100%\u00bb][et_pb_row use_custom_gutter=\u00bbon\u00bb gutter_width=\u00bb1&#8243; _builder_version=\u00bb3.22.7&#8243; width=\u00bb100%\u00bb module_alignment=\u00bbcenter\u00bb][et_pb_column type=\u00bb4_4&#8243; _builder_version=\u00bb3.22.7&#8243;][et_pb_text _builder_version=\u00bb3.22.7&#8243; header_font=\u00bb||||||||\u00bb header_text_align=\u00bbcenter\u00bb header_text_color=\u00bb#ffffff\u00bb]<\/p>\n<h1>Proyecto de traslado de Base Naval de Cartagena se mantiene&#8217;: Mindefensa<\/h1>\n<p>[\/et_pb_text][\/et_pb_column][\/et_pb_row][\/et_pb_section][et_pb_section fb_built=\u00bb1&#8243; specialty=\u00bbon\u00bb _builder_version=\u00bb3.22.7&#8243;][et_pb_column type=\u00bb2_3&#8243; specialty_columns=\u00bb2&#8243; _builder_version=\u00bb3.0.47&#8243;][et_pb_row_inner _builder_version=\u00bb3.22.7&#8243;][et_pb_column_inner type=\u00bb4_4&#8243; saved_specialty_column_type=\u00bb2_3&#8243; _builder_version=\u00bb3.0.47&#8243;][et_pb_text _builder_version=\u00bb3.22.7&#8243; text_font=\u00bb||||||||\u00bb text_orientation=\u00bbjustified\u00bb]<\/p>\n<p>Se mantiene el proyecto de traslado de la Base Naval de Cartagena, esencial para garantizar la seguridad nacional y contribuir con el desarrollo del poder mar\u00edtimo de Colombia, as\u00ed como para dotar a la Armada de nuevas instalaciones que cuenten con mayores espacios, \u00faltima tecnolog\u00eda y las mejores especificaciones que le permitan seguir desarrollando su misi\u00f3n en condiciones estrat\u00e9gicas.<\/p>\n<p>La situaci\u00f3n actual de la Base Naval m\u00e1s importante del pa\u00eds no responde a las necesidades de crecimiento y consolidaci\u00f3n de la Fuerza Naval en el Caribe. Por lo anterior, el Proyecto de reubicaci\u00f3n se estructura con miras a satisfacer las necesidades de la Instituci\u00f3n para el 2035.<\/p>\n<p>Igualmente se expidi\u00f3 el Decreto 975 del 7 de junio de 2018. \u201cLa expedici\u00f3n de este decreto, se da en el marco de la hoja de ruta establecida para le ejecuci\u00f3n del proyecto el 26 de octubre de 2017 en el acuerdo suscrito entre el Ministerio de Defensa Nacional y la Agencia Nacional Inmobiliaria (ANIM); y constituye la condici\u00f3n necesaria para iniciar la segunda fase, que contempla la identificaci\u00f3n de los potenciales predios donde se localizar\u00e1 la nueva Base Naval, junto con la realizaci\u00f3n de los estudios t\u00e9cnicos y dise\u00f1os correspondientes\u201d, asegur\u00f3 Luis C. Villegas, ministro de Defensa Nacional.<\/p>\n<p><strong>Un proyecto hist\u00f3rico para Cartagena y el pa\u00eds<\/strong><\/p>\n<p>El proyecto es en primer lugar estrat\u00e9gico-naval y consolidar\u00e1 a Cartagena como capital tur\u00edstica y cultural del Caribe y contribuir\u00e1 a la soluci\u00f3n de las problem\u00e1ticas m\u00e1s sensibles de la ciudad. Cerca del 45% del lote se destinar\u00e1 a espacio p\u00fablico, es decir, nuevas calles y zonas verdes, se ampliar\u00e1 la v\u00eda San Mart\u00edn, y, adem\u00e1s, se continuar\u00e1 el sendero peatonal que conecta al sector de Bocagrande con el Centro Hist\u00f3rico, lo que permitir\u00e1 tener una Cartagena m\u00e1s verde y con mejor movilidad. Adicionalmente, incluye la construcci\u00f3n de un acuario, un museo, hoteles, un parque de diversiones, un centro de eventos, un puerto de cruceros, entre otros.<\/p>\n<p>Tomado de: https:\/\/caracol.com.co\/emisora\/2018\/06\/14\/cartagena\/1528931493_968936.html<\/p>\n<p>[\/et_pb_text][\/et_pb_column_inner][\/et_pb_row_inner][\/et_pb_column][et_pb_column type=\u00bb1_3&#8243; _builder_version=\u00bb3.0.47&#8243;][et_pb_sidebar orientation=\u00bbright\u00bb area=\u00bbet_pb_widget_area_1&#8243; show_border=\u00bboff\u00bb _builder_version=\u00bb3.22.7&#8243; width=\u00bb80%\u00bb module_alignment=\u00bbright\u00bb][\/et_pb_sidebar][\/et_pb_column][\/et_pb_section]<\/p>\n","protected":false},"excerpt":{"rendered":"<p>Proyecto de traslado de Base Naval de Cartagena se mantiene&#8217;: MindefensaSe mantiene el proyecto de traslado de la Base Naval de Cartagena, esencial para garantizar la seguridad nacional y contribuir con el desarrollo del poder mar\u00edtimo de Colombia, as\u00ed como para dotar a la Armada de nuevas instalaciones que cuenten con mayores espacios, \u00faltima tecnolog\u00eda [&hellip;]<\/p>\n","protected":false},"author":1,"featured_media":927,"comment_status":"closed","ping_status":"open","sticky":false,"template":"","format":"standard","meta":{"_et_pb_use_builder":"on","_et_pb_old_content":"","_et_gb_content_width":"","footnotes":""},"categories":[28,8],"tags":[],"class_list":["post-350","post","type-post","status-publish","format-standard","has-post-thumbnail","hentry","category-armada-nacional","category-noticias"],"_links":{"self":[{"href":"https:\/\/isladetierrabomba.com\/n\/wp-json\/wp\/v2\/posts\/350"}],"collection":[{"href":"https:\/\/isladetierrabomba.com\/n\/wp-json\/wp\/v2\/posts"}],"about":[{"href":"https:\/\/isladetierrabomba.com\/n\/wp-json\/wp\/v2\/types\/post"}],"author":[{"embeddable":true,"href":"https:\/\/isladetierrabomba.com\/n\/wp-json\/wp\/v2\/users\/1"}],"replies":[{"embeddable":true,"href":"https:\/\/isladetierrabomba.com\/n\/wp-json\/wp\/v2\/comments?post=350"}],"version-history":[{"count":5,"href":"https:\/\/isladetierrabomba.com\/n\/wp-json\/wp\/v2\/posts\/350\/revisions"}],"predecessor-version":[{"id":357,"href":"https:\/\/isladetierrabomba.com\/n\/wp-json\/wp\/v2\/posts\/350\/revisions\/357"}],"wp:featuredmedia":[{"embeddable":true,"href":"https:\/\/isladetierrabomba.com\/n\/wp-json\/wp\/v2\/media\/927"}],"wp:attachment":[{"href":"https:\/\/isladetierrabomba.com\/n\/wp-json\/wp\/v2\/media?parent=350"}],"wp:term":[{"taxonomy":"category","embeddable":true,"href":"https:\/\/isladetierrabomba.com\/n\/wp-json\/wp\/v2\/categories?post=350"},{"taxonomy":"post_tag","embeddable":true,"href":"https:\/\/isladetierrabomba.com\/n\/wp-json\/wp\/v2\/tags?post=350"}],"curies":[{"name":"wp","href":"https:\/\/api.w.org\/{rel}","templated":true}]}}